{"id":6167,"date":"2026-03-13T14:58:53","date_gmt":"2026-03-13T17:58:53","guid":{"rendered":"https:\/\/clubreconquista.org.ar\/?p=6167"},"modified":"2026-04-20T11:19:19","modified_gmt":"2026-04-20T14:19:19","slug":"el-sabado-llega-el-torneo-provincial-al-oscar-rosatti","status":"publish","type":"post","link":"https:\/\/clubreconquista.org.ar\/index.php\/el-sabado-llega-el-torneo-provincial-al-oscar-rosatti\/","title":{"rendered":"El s\u00e1bado llega el Torneo Provincial al Oscar Rosatti"},"content":{"rendered":"<p style=\"text-align: justify;\">Este fin de semana llega el Torneo Provincial Formativo 2026 a calle 40. Las categor\u00edas U15 y U17 se enfrentar\u00e1n a Universal por la segunda jornada del torneo.<\/p>\n<p><img loading=\"lazy\" decoding=\"async\" class=\"wp-image-6576 aligncenter\" src=\"https:\/\/clubreconquista.org.ar\/wp-content\/uploads\/2026\/03\/CALENDARIO-PROVINCIAL1-300x200.png\" alt=\"\" width=\"600\" height=\"400\" srcset=\"https:\/\/clubreconquista.org.ar\/wp-content\/uploads\/2026\/03\/CALENDARIO-PROVINCIAL1-300x200.png 300w, https:\/\/clubreconquista.org.ar\/wp-content\/uploads\/2026\/03\/CALENDARIO-PROVINCIAL1-1024x683.png 1024w, https:\/\/clubreconquista.org.ar\/wp-content\/uploads\/2026\/03\/CALENDARIO-PROVINCIAL1-768x512.png 768w, https:\/\/clubreconquista.org.ar\/wp-content\/uploads\/2026\/03\/CALENDARIO-PROVINCIAL1-600x400.png 600w, https:\/\/clubreconquista.org.ar\/wp-content\/uploads\/2026\/03\/CALENDARIO-PROVINCIAL1.png 1200w\" sizes=\"auto, (max-width: 600px) 100vw, 600px\" \/><\/p>\n<p style=\"text-align: justify;\">Nuestros pibes de la U15 y U17 reciben a \u201cLa Cueva\u201d en una nueva fecha de la Liga Provincial Formativa. \u00a1Ven\u00ed a alentarlos y a disfrutar de una jornada diferente, a puro b\u00e1squet en el club! El primer encuentro ser\u00e1 a las 14:00 hs (U15 \u2013 cadetes), mientras que a las 15:30 hs disputar\u00e1n su partido los chicos de la U17 (juveniles).<\/p>\n<p style=\"text-align: justify;\">Las entradas se pueden adquirir de forma anticipada o compr\u00e1ndolas el mismo d\u00eda del partido. Tu aporte ayuda a cubrir los gastos del torneo y a recaudar fondos para los futuros viajes de las categor\u00edas menores. Si no pod\u00e9s venir al club, viv\u00ed los partidos en vivo a trav\u00e9s de nuestro canal de YouTube, que pod\u00e9s encontrar haciendo <a href=\"https:\/\/www.youtube.com\/@ClubReconquistaLaPlata\">click ac\u00e1.<\/a><\/p>\n","protected":false},"excerpt":{"rendered":"<p>Este fin de semana llega el Torneo Provincial Formativo 2026 a calle 40. Las categor\u00edas U15 y U17 se enfrentar\u00e1n a Universal por la segunda jornada del torneo. Nuestros pibes de la U15 y U17 reciben a \u201cLa Cueva\u201d en una nueva fecha de la Liga Provincial Formativa. \u00a1Ven\u00ed a alentarlos y a disfrutar de [&hellip;]<\/p>\n","protected":false},"author":3,"featured_media":6576,"comment_status":"open","ping_status":"open","sticky":false,"template":"","format":"standard","meta":{"_crdt_document":"","_uag_custom_page_level_css":"","_monsterinsights_skip_tracking":false,"_monsterinsights_sitenote_active":false,"_monsterinsights_sitenote_note":"","_monsterinsights_sitenote_category":0,"site-sidebar-layout":"default","site-content-layout":"","ast-site-content-layout":"default","site-content-style":"default","site-sidebar-style":"default","ast-global-header-display":"","ast-banner-title-visibility":"","ast-main-header-display":"","ast-hfb-above-header-display":"","ast-hfb-below-header-display":"","ast-hfb-mobile-header-display":"","site-post-title":"","ast-breadcrumbs-content":"","ast-featured-img":"","footer-sml-layout":"","ast-disable-related-posts":"","theme-transparent-header-meta":"default","adv-header-id-meta":"","stick-header-meta":"","header-above-stick-meta":"","header-main-stick-meta":"","header-below-stick-meta":"","astra-migrate-meta-layouts":"set","ast-page-background-enabled":"default","ast-page-background-meta":{"desktop":{"background-color":"var(--ast-global-color-5)","background-image":"","background-repeat":"repeat","background-position":"center center","background-size":"auto","background-attachment":"scroll","background-type":"","background-media":"","overlay-type":"","overlay-color":"","overlay-opacity":"","overlay-gradient":""},"tablet":{"background-color":"","background-image":"","background-repeat":"repeat","background-position":"center center","background-size":"auto","background-attachment":"scroll","background-type":"","background-media":"","overlay-type":"","overlay-color":"","overlay-opacity":"","overlay-gradient":""},"mobile":{"background-color":"","background-image":"","background-repeat":"repeat","background-position":"center center","background-size":"auto","background-attachment":"scroll","background-type":"","background-media":"","overlay-type":"","overlay-color":"","overlay-opacity":"","overlay-gradient":""}},"ast-content-background-meta":{"desktop":{"background-color":"var(--ast-global-color-4)","background-image":"","background-repeat":"repeat","background-position":"center center","background-size":"auto","background-attachment":"scroll","background-type":"","background-media":"","overlay-type":"","overlay-color":"","overlay-opacity":"","overlay-gradient":""},"tablet":{"background-color":"var(--ast-global-color-4)","background-image":"","background-repeat":"repeat","background-position":"center center","background-size":"auto","background-attachment":"scroll","background-type":"","background-media":"","overlay-type":"","overlay-color":"","overlay-opacity":"","overlay-gradient":""},"mobile":{"background-color":"var(--ast-global-color-4)","background-image":"","background-repeat":"repeat","background-position":"center center","background-size":"auto","background-attachment":"scroll","background-type":"","background-media":"","overlay-type":"","overlay-color":"","overlay-opacity":"","overlay-gradient":""}},"_jetpack_memberships_contains_paid_content":false,"footnotes":""},"categories":[19,96],"tags":[],"class_list":["post-6167","post","type-post","status-publish","format-standard","has-post-thumbnail","hentry","category-basquet","category-liga-provincial"],"aioseo_notices":[],"jetpack_featured_media_url":"https:\/\/clubreconquista.org.ar\/wp-content\/uploads\/2026\/03\/CALENDARIO-PROVINCIAL1.png","uagb_featured_image_src":{"full":["https:\/\/clubreconquista.org.ar\/wp-content\/uploads\/2026\/03\/CALENDARIO-PROVINCIAL1.png",1200,800,false],"thumbnail":["https:\/\/clubreconquista.org.ar\/wp-content\/uploads\/2026\/03\/CALENDARIO-PROVINCIAL1-150x150.png",150,150,true],"medium":["https:\/\/clubreconquista.org.ar\/wp-content\/uploads\/2026\/03\/CALENDARIO-PROVINCIAL1-300x200.png",300,200,true],"medium_large":["https:\/\/clubreconquista.org.ar\/wp-content\/uploads\/2026\/03\/CALENDARIO-PROVINCIAL1-768x512.png",768,512,true],"large":["https:\/\/clubreconquista.org.ar\/wp-content\/uploads\/2026\/03\/CALENDARIO-PROVINCIAL1-1024x683.png",1024,683,true],"1536x1536":["https:\/\/clubreconquista.org.ar\/wp-content\/uploads\/2026\/03\/CALENDARIO-PROVINCIAL1.png",1200,800,false],"2048x2048":["https:\/\/clubreconquista.org.ar\/wp-content\/uploads\/2026\/03\/CALENDARIO-PROVINCIAL1.png",1200,800,false],"mailpoet_newsletter_max":["https:\/\/clubreconquista.org.ar\/wp-content\/uploads\/2026\/03\/CALENDARIO-PROVINCIAL1.png",1200,800,false],"woocommerce_thumbnail":["https:\/\/clubreconquista.org.ar\/wp-content\/uploads\/2026\/03\/CALENDARIO-PROVINCIAL1-300x300.png",300,300,true],"woocommerce_single":["https:\/\/clubreconquista.org.ar\/wp-content\/uploads\/2026\/03\/CALENDARIO-PROVINCIAL1-600x400.png",600,400,true],"woocommerce_gallery_thumbnail":["https:\/\/clubreconquista.org.ar\/wp-content\/uploads\/2026\/03\/CALENDARIO-PROVINCIAL1-100x100.png",100,100,true]},"uagb_author_info":{"display_name":"Matias Romoli","author_link":"https:\/\/clubreconquista.org.ar\/index.php\/author\/matias\/"},"uagb_comment_info":0,"uagb_excerpt":"Este fin de semana llega el Torneo Provincial Formativo 2026 a calle 40. Las categor\u00edas U15 y U17 se enfrentar\u00e1n a Universal por la segunda jornada del torneo. Nuestros pibes de la U15 y U17 reciben a \u201cLa Cueva\u201d en una nueva fecha de la Liga Provincial Formativa. \u00a1Ven\u00ed a alentarlos y a disfrutar de&hellip;","jetpack_sharing_enabled":true,"_links":{"self":[{"href":"https:\/\/clubreconquista.org.ar\/index.php\/wp-json\/wp\/v2\/posts\/6167","targetHints":{"allow":["GET"]}}],"collection":[{"href":"https:\/\/clubreconquista.org.ar\/index.php\/wp-json\/wp\/v2\/posts"}],"about":[{"href":"https:\/\/clubreconquista.org.ar\/index.php\/wp-json\/wp\/v2\/types\/post"}],"author":[{"embeddable":true,"href":"https:\/\/clubreconquista.org.ar\/index.php\/wp-json\/wp\/v2\/users\/3"}],"replies":[{"embeddable":true,"href":"https:\/\/clubreconquista.org.ar\/index.php\/wp-json\/wp\/v2\/comments?post=6167"}],"version-history":[{"count":7,"href":"https:\/\/clubreconquista.org.ar\/index.php\/wp-json\/wp\/v2\/posts\/6167\/revisions"}],"predecessor-version":[{"id":6609,"href":"https:\/\/clubreconquista.org.ar\/index.php\/wp-json\/wp\/v2\/posts\/6167\/revisions\/6609"}],"wp:featuredmedia":[{"embeddable":true,"href":"https:\/\/clubreconquista.org.ar\/index.php\/wp-json\/wp\/v2\/media\/6576"}],"wp:attachment":[{"href":"https:\/\/clubreconquista.org.ar\/index.php\/wp-json\/wp\/v2\/media?parent=6167"}],"wp:term":[{"taxonomy":"category","embeddable":true,"href":"https:\/\/clubreconquista.org.ar\/index.php\/wp-json\/wp\/v2\/categories?post=6167"},{"taxonomy":"post_tag","embeddable":true,"href":"https:\/\/clubreconquista.org.ar\/index.php\/wp-json\/wp\/v2\/tags?post=6167"}],"curies":[{"name":"wp","href":"https:\/\/api.w.org\/{rel}","templated":true}]}}