{"id":6468,"date":"2026-03-27T17:51:22","date_gmt":"2026-03-27T20:51:22","guid":{"rendered":"https:\/\/clubreconquista.org.ar\/?p=6468"},"modified":"2026-03-27T17:51:22","modified_gmt":"2026-03-27T20:51:22","slug":"se-viene-un-fin-de-semana-cargado-de-basquet-para-reconquista","status":"publish","type":"post","link":"https:\/\/clubreconquista.org.ar\/index.php\/se-viene-un-fin-de-semana-cargado-de-basquet-para-reconquista\/","title":{"rendered":"\u00a1Se viene un fin de semana cargado de b\u00e1squet para Reconquista!"},"content":{"rendered":"<p style=\"text-align: justify;\">La R se prepara para vivir dos jornadas a puro movimiento, con una agenda repleta de partidos en distintas categor\u00edas, tanto en condici\u00f3n de local como de visitante. Desde los m\u00e1s chicos hasta el Sub 23, pasando por las ramas femenina y masculina, la actividad promete ser intensa y convocante.<\/p>\n<p><img loading=\"lazy\" decoding=\"async\" class=\"wp-image-6469 aligncenter\" src=\"https:\/\/clubreconquista.org.ar\/wp-content\/uploads\/2026\/03\/Sin-titulo-240x300.jpeg\" alt=\"\" width=\"977\" height=\"1221\" srcset=\"https:\/\/clubreconquista.org.ar\/wp-content\/uploads\/2026\/03\/Sin-titulo-240x300.jpeg 240w, https:\/\/clubreconquista.org.ar\/wp-content\/uploads\/2026\/03\/Sin-titulo-819x1024.jpeg 819w, https:\/\/clubreconquista.org.ar\/wp-content\/uploads\/2026\/03\/Sin-titulo-768x960.jpeg 768w, https:\/\/clubreconquista.org.ar\/wp-content\/uploads\/2026\/03\/Sin-titulo-600x750.jpeg 600w, https:\/\/clubreconquista.org.ar\/wp-content\/uploads\/2026\/03\/Sin-titulo.jpeg 1080w\" sizes=\"auto, (max-width: 977px) 100vw, 977px\" \/><\/p>\n<p style=\"text-align: justify;\">El s\u00e1bado 28 de marzo ser\u00e1 el d\u00eda m\u00e1s cargado, con acci\u00f3n desde temprano. A partir de las 9:30, las Formativas A (Premini, Mini e Infantiles) recibir\u00e1n a <span class=\"hover:entity-accent entity-underline inline cursor-pointer align-baseline\"><span class=\"whitespace-normal\">Banco Provincia<\/span><\/span> en el <span class=\"hover:entity-accent entity-underline inline cursor-pointer align-baseline\"><span class=\"whitespace-normal\">Estadio Aldo H. Ram\u00edrez<\/span><\/span>. En simult\u00e1neo, las Formativas B (Premini e Infantiles) visitar\u00e1n a <span class=\"hover:entity-accent entity-underline inline cursor-pointer align-baseline\"><span class=\"whitespace-normal\">Villa San Carlos<\/span><\/span> en el <span class=\"hover:entity-accent entity-underline inline cursor-pointer align-baseline\"><span class=\"whitespace-normal\">Oscar Rosatti<\/span><\/span>.<\/p>\n<p style=\"text-align: justify;\">Por la tarde, desde las 14:30, ser\u00e1 el turno de las categor\u00edas Menores. El equipo A (Cadetes, Juveniles y Liga Pr\u00f3ximo) jugar\u00e1 como local nuevamente ante Banco Provincia en el Aldo H. Ram\u00edrez, mientras que el equipo B viajar\u00e1 para enfrentar a Villa San Carlos en el Oscar Rosatti. El cierre del s\u00e1bado estar\u00e1 a cargo del Sub 23, que a las 21:30 tambi\u00e9n se medir\u00e1 frente a Banco Provincia en condici\u00f3n de local, poniendo el broche de oro a una jornada extensa.<\/p>\n<p style=\"text-align: justify;\">La actividad continuar\u00e1 el domingo 29 de marzo con protagonismo femenino. Desde las 9:30, las Formativas (Mini e Infantiles) visitar\u00e1n al <span class=\"hover:entity-accent entity-underline inline cursor-pointer align-baseline\"><span class=\"whitespace-normal\">Club Meridiano V\u00b0<\/span><\/span> en su sede, y a las 17:00 ser\u00e1 el turno de las Menores (Juveniles y Liga Pr\u00f3ximo), que tambi\u00e9n enfrentar\u00e1n al mismo rival. De esta manera, Reconquista afrontar\u00e1 un fin de semana clave para el desarrollo de sus categor\u00edas, consolidando el trabajo formativo y fortaleciendo la competencia en todas sus divisiones. Una gran oportunidad para acompa\u00f1ar y alentar a los equipos en cada cancha.<\/p>\n","protected":false},"excerpt":{"rendered":"<p>La R se prepara para vivir dos jornadas a puro movimiento, con una agenda repleta de partidos en distintas categor\u00edas, tanto en condici\u00f3n de local como de visitante. Desde los m\u00e1s chicos hasta el Sub 23, pasando por las ramas femenina y masculina, la actividad promete ser intensa y convocante. El s\u00e1bado 28 de marzo [&hellip;]<\/p>\n","protected":false},"author":3,"featured_media":6469,"comment_status":"open","ping_status":"open","sticky":false,"template":"","format":"standard","meta":{"_crdt_document":"","_uag_custom_page_level_css":"","_monsterinsights_skip_tracking":false,"_monsterinsights_sitenote_active":false,"_monsterinsights_sitenote_note":"","_monsterinsights_sitenote_category":0,"site-sidebar-layout":"default","site-content-layout":"","ast-site-content-layout":"default","site-content-style":"default","site-sidebar-style":"default","ast-global-header-display":"","ast-banner-title-visibility":"","ast-main-header-display":"","ast-hfb-above-header-display":"","ast-hfb-below-header-display":"","ast-hfb-mobile-header-display":"","site-post-title":"","ast-breadcrumbs-content":"","ast-featured-img":"","footer-sml-layout":"","ast-disable-related-posts":"","theme-transparent-header-meta":"default","adv-header-id-meta":"","stick-header-meta":"","header-above-stick-meta":"","header-main-stick-meta":"","header-below-stick-meta":"","astra-migrate-meta-layouts":"set","ast-page-background-enabled":"default","ast-page-background-meta":{"desktop":{"background-color":"var(--ast-global-color-5)","background-image":"","background-repeat":"repeat","background-position":"center center","background-size":"auto","background-attachment":"scroll","background-type":"","background-media":"","overlay-type":"","overlay-color":"","overlay-opacity":"","overlay-gradient":""},"tablet":{"background-color":"","background-image":"","background-repeat":"repeat","background-position":"center center","background-size":"auto","background-attachment":"scroll","background-type":"","background-media":"","overlay-type":"","overlay-color":"","overlay-opacity":"","overlay-gradient":""},"mobile":{"background-color":"","background-image":"","background-repeat":"repeat","background-position":"center center","background-size":"auto","background-attachment":"scroll","background-type":"","background-media":"","overlay-type":"","overlay-color":"","overlay-opacity":"","overlay-gradient":""}},"ast-content-background-meta":{"desktop":{"background-color":"var(--ast-global-color-4)","background-image":"","background-repeat":"repeat","background-position":"center center","background-size":"auto","background-attachment":"scroll","background-type":"","background-media":"","overlay-type":"","overlay-color":"","overlay-opacity":"","overlay-gradient":""},"tablet":{"background-color":"var(--ast-global-color-4)","background-image":"","background-repeat":"repeat","background-position":"center center","background-size":"auto","background-attachment":"scroll","background-type":"","background-media":"","overlay-type":"","overlay-color":"","overlay-opacity":"","overlay-gradient":""},"mobile":{"background-color":"var(--ast-global-color-4)","background-image":"","background-repeat":"repeat","background-position":"center center","background-size":"auto","background-attachment":"scroll","background-type":"","background-media":"","overlay-type":"","overlay-color":"","overlay-opacity":"","overlay-gradient":""}},"_jetpack_memberships_contains_paid_content":false,"footnotes":""},"categories":[19,41],"tags":[],"class_list":["post-6468","post","type-post","status-publish","format-standard","has-post-thumbnail","hentry","category-basquet","category-menores"],"aioseo_notices":[],"jetpack_featured_media_url":"https:\/\/clubreconquista.org.ar\/wp-content\/uploads\/2026\/03\/Sin-titulo.jpeg","uagb_featured_image_src":{"full":["https:\/\/clubreconquista.org.ar\/wp-content\/uploads\/2026\/03\/Sin-titulo.jpeg",1080,1350,false],"thumbnail":["https:\/\/clubreconquista.org.ar\/wp-content\/uploads\/2026\/03\/Sin-titulo-150x150.jpeg",150,150,true],"medium":["https:\/\/clubreconquista.org.ar\/wp-content\/uploads\/2026\/03\/Sin-titulo-240x300.jpeg",240,300,true],"medium_large":["https:\/\/clubreconquista.org.ar\/wp-content\/uploads\/2026\/03\/Sin-titulo-768x960.jpeg",768,960,true],"large":["https:\/\/clubreconquista.org.ar\/wp-content\/uploads\/2026\/03\/Sin-titulo-819x1024.jpeg",819,1024,true],"1536x1536":["https:\/\/clubreconquista.org.ar\/wp-content\/uploads\/2026\/03\/Sin-titulo.jpeg",1080,1350,false],"2048x2048":["https:\/\/clubreconquista.org.ar\/wp-content\/uploads\/2026\/03\/Sin-titulo.jpeg",1080,1350,false],"mailpoet_newsletter_max":["https:\/\/clubreconquista.org.ar\/wp-content\/uploads\/2026\/03\/Sin-titulo.jpeg",1080,1350,false],"woocommerce_thumbnail":["https:\/\/clubreconquista.org.ar\/wp-content\/uploads\/2026\/03\/Sin-titulo-300x300.jpeg",300,300,true],"woocommerce_single":["https:\/\/clubreconquista.org.ar\/wp-content\/uploads\/2026\/03\/Sin-titulo-600x750.jpeg",600,750,true],"woocommerce_gallery_thumbnail":["https:\/\/clubreconquista.org.ar\/wp-content\/uploads\/2026\/03\/Sin-titulo-100x100.jpeg",100,100,true]},"uagb_author_info":{"display_name":"Matias Romoli","author_link":"https:\/\/clubreconquista.org.ar\/index.php\/author\/matias\/"},"uagb_comment_info":0,"uagb_excerpt":"La R se prepara para vivir dos jornadas a puro movimiento, con una agenda repleta de partidos en distintas categor\u00edas, tanto en condici\u00f3n de local como de visitante. Desde los m\u00e1s chicos hasta el Sub 23, pasando por las ramas femenina y masculina, la actividad promete ser intensa y convocante. El s\u00e1bado 28 de marzo&hellip;","jetpack_sharing_enabled":true,"_links":{"self":[{"href":"https:\/\/clubreconquista.org.ar\/index.php\/wp-json\/wp\/v2\/posts\/6468","targetHints":{"allow":["GET"]}}],"collection":[{"href":"https:\/\/clubreconquista.org.ar\/index.php\/wp-json\/wp\/v2\/posts"}],"about":[{"href":"https:\/\/clubreconquista.org.ar\/index.php\/wp-json\/wp\/v2\/types\/post"}],"author":[{"embeddable":true,"href":"https:\/\/clubreconquista.org.ar\/index.php\/wp-json\/wp\/v2\/users\/3"}],"replies":[{"embeddable":true,"href":"https:\/\/clubreconquista.org.ar\/index.php\/wp-json\/wp\/v2\/comments?post=6468"}],"version-history":[{"count":3,"href":"https:\/\/clubreconquista.org.ar\/index.php\/wp-json\/wp\/v2\/posts\/6468\/revisions"}],"predecessor-version":[{"id":6472,"href":"https:\/\/clubreconquista.org.ar\/index.php\/wp-json\/wp\/v2\/posts\/6468\/revisions\/6472"}],"wp:featuredmedia":[{"embeddable":true,"href":"https:\/\/clubreconquista.org.ar\/index.php\/wp-json\/wp\/v2\/media\/6469"}],"wp:attachment":[{"href":"https:\/\/clubreconquista.org.ar\/index.php\/wp-json\/wp\/v2\/media?parent=6468"}],"wp:term":[{"taxonomy":"category","embeddable":true,"href":"https:\/\/clubreconquista.org.ar\/index.php\/wp-json\/wp\/v2\/categories?post=6468"},{"taxonomy":"post_tag","embeddable":true,"href":"https:\/\/clubreconquista.org.ar\/index.php\/wp-json\/wp\/v2\/tags?post=6468"}],"curies":[{"name":"wp","href":"https:\/\/api.w.org\/{rel}","templated":true}]}}